{"id":793,"date":"2019-11-12T23:59:45","date_gmt":"2019-11-12T22:59:45","guid":{"rendered":"http:\/\/augrund.de\/ebner-frey\/2019\/02\/09\/zurueck-in-der-cafe-bar-herzog-in-zorneding-am-07-12-19\/"},"modified":"2019-11-13T10:39:19","modified_gmt":"2019-11-13T09:39:19","slug":"zurueck-in-der-cafe-bar-herzog-in-zorneding-am-07-12-19","status":"publish","type":"post","link":"https:\/\/augrund.de\/ebner-frey\/2019\/11\/12\/zurueck-in-der-cafe-bar-herzog-in-zorneding-am-07-12-19\/","title":{"rendered":"Zur\u00fcck in der Cafe-Bar Herzog in Zorneding am 07.12.19"},"content":{"rendered":"\n    <h3 class=\"gigpress-related-heading\">Konzert<\/h3>\n\n<ul class=\"gigpress-related-show active\">\n    <li>\n        <span class=\"gigpress-related-label\">Duo:<\/span>\n        <span class=\"gigpress-related-item\"><a href=\"http:\/\/ebner-frey.de\" target=\"_blank\">Duo Beba Ebner &#038; Thomas Frey<\/a><\/span>\n    <\/li>\n\t    <li>\n        <span class=\"gigpress-related-label\">Datum:<\/span>\n        <span class=\"gigpress-related-item\">07.12.19\t\t<\/span>\n    <\/li>\n\t        <li>\n            <span class=\"gigpress-related-label\">Zeit:<\/span>\n            <span class=\"gigpress-related-item\">20:00<\/span>\n        <\/li>\n\t\n    <li>\n        <span class=\"gigpress-related-label\">Location:<\/span>\n        <span class=\"gigpress-show-related\"><a href=\"http:\/\/www.cafe-bar-herzog.de\" target=\"_blank\">Cafe-Bar Herzog<\/a><\/span>\n    <\/li>\n\n    <li>\n        <span class=\"gigpress-related-label\">Stadt:<\/span>\n        <span class=\"gigpress-related-item\">Zorneding\t\t<\/span>\n    <\/li>\n\t        <li>\n            <span class=\"gigpress-related-label\">Adresse:<\/span>\n            <span class=\"gigpress-related-item\"><a href=\"http:\/\/maps.google.com\/maps?&amp;q=Herzogplatz+17,Zorneding,85604,DE\" class=\"gigpress-address\" target=\"_blank\">Herzogplatz 17<\/a><\/span>\n        <\/li>\n\t\t        <li>\n            <span class=\"gigpress-related-label\">Location Telefonnummer:<\/span>\n            <span class=\"gigpress-related-item\">0172 4679337<\/span>\n        <\/li>\n\t    <li>\n        <span class=\"gigpress-related-label\">Land:<\/span>\n        <span class=\"gigpress-related-item\">DE<\/span>\n    <\/li>\n\t        <li>\n            <span class=\"gigpress-related-label\">Eintritt:<\/span>\n            <span class=\"gigpress-related-item\">frei, Spenden<\/span>\n        <\/li>\n\t\t        <li>\n            <span class=\"gigpress-related-label\">Altersbeschr\u00e4nkungen:<\/span>\n            <span class=\"gigpress-related-item\">Keine Altersbeschr\u00e4nkung<\/span>\n        <\/li>\n\t\n\t\n\t\n\t        <li><a href=\"http:\/\/www.cafe-bar-herzog.de\/portrait_ebner_frey.htm\" target=\"_blank\">Weitere Informationen<\/a><\/li>\n\t\n\t        <li>\n            <span class=\"gigpress-related-label\">Anmerkungen:<\/span>\n            <span class=\"gigpress-related-item\">Zur\u00fcck in der Cafe-Bar Herzog in Zorneding. Ein wunderbares Kleinod das Ulrich Fischer da geschaffen hat. Konzert-Atmosph\u00e4re pur. Ein Publikum das ausschlie\u00dflich zum Musik h\u00f6ren kommt. Da freut sich jeder K\u00fcnstler darauf dort zu spielen. Wir auch und vor allem das Ulrich uns wieder eingeladen hat.<\/span>\n        <\/li>\n\t<\/ul><script type=\"application\/ld+json\">[\n    {\n        \"@context\": \"http:\/\/schema.org\",\n        \"@type\": \"Event\",\n        \"name\": \"Duo Beba Ebner &#038; Thomas Frey\",\n        \"startDate\": \"2019-12-07T20:00:00\",\n        \"url\": \"https:\/\/augrund.de\/ebner-frey\/2019\/11\/12\/zurueck-in-der-cafe-bar-herzog-in-zorneding-am-07-12-19\/\",\n        \"description\": \"Zur\\u00fcck in der Cafe-Bar Herzog in Zorneding. Ein wunderbares Kleinod das Ulrich Fischer da geschaffen hat. Konzert-Atmosph\\u00e4re pur. Ein Publikum das ausschlie\\u00dflich zum Musik h\\u00f6ren kommt. Da freut sich jeder K\\u00fcnstler darauf dort zu spielen. Wir auch und vor allem das Ulrich uns wieder eingeladen hat.\",\n        \"typicalAgeRange\": \"Keine Altersbeschr\\u00e4nkung\",\n        \"performers\": {\n            \"@type\": \"Organization\",\n            \"name\": \"Duo Beba Ebner &#038; Thomas Frey\",\n            \"url\": \"http:\/\/ebner-frey.de\"\n        },\n        \"location\": {\n            \"@type\": \"Place\",\n            \"name\": \"Cafe-Bar Herzog\",\n            \"url\": \"http:\/\/www.cafe-bar-herzog.de\",\n            \"telephone\": \"0172 4679337\",\n            \"address\": {\n                \"@type\": \"PostalAddress\",\n                \"streetAddress\": \"Herzogplatz 17\",\n                \"addressLocality\": \"Zorneding\",\n                \"postalCode\": \"85604\",\n                \"addressCountry\": \"DE\"\n            }\n        },\n        \"offers\": {\n            \"@type\": \"Offer\",\n            \"price\": \",\"\n        }\n    }\n]<\/script>","protected":false},"excerpt":{"rendered":"","protected":false},"author":1,"featured_media":617,"comment_status":"closed","ping_status":"closed","sticky":false,"template":"","format":"standard","meta":{"footnotes":""},"categories":[2],"tags":[],"class_list":["post-793","post","type-post","status-publish","format-standard","has-post-thumbnail","hentry","category-konzerte"],"post_mailing_queue_ids":[],"_links":{"self":[{"href":"https:\/\/augrund.de\/ebner-frey\/wp-json\/wp\/v2\/posts\/793","targetHints":{"allow":["GET"]}}],"collection":[{"href":"https:\/\/augrund.de\/ebner-frey\/wp-json\/wp\/v2\/posts"}],"about":[{"href":"https:\/\/augrund.de\/ebner-frey\/wp-json\/wp\/v2\/types\/post"}],"author":[{"embeddable":true,"href":"https:\/\/augrund.de\/ebner-frey\/wp-json\/wp\/v2\/users\/1"}],"replies":[{"embeddable":true,"href":"https:\/\/augrund.de\/ebner-frey\/wp-json\/wp\/v2\/comments?post=793"}],"version-history":[{"count":1,"href":"https:\/\/augrund.de\/ebner-frey\/wp-json\/wp\/v2\/posts\/793\/revisions"}],"predecessor-version":[{"id":794,"href":"https:\/\/augrund.de\/ebner-frey\/wp-json\/wp\/v2\/posts\/793\/revisions\/794"}],"wp:featuredmedia":[{"embeddable":true,"href":"https:\/\/augrund.de\/ebner-frey\/wp-json\/wp\/v2\/media\/617"}],"wp:attachment":[{"href":"https:\/\/augrund.de\/ebner-frey\/wp-json\/wp\/v2\/media?parent=793"}],"wp:term":[{"taxonomy":"category","embeddable":true,"href":"https:\/\/augrund.de\/ebner-frey\/wp-json\/wp\/v2\/categories?post=793"},{"taxonomy":"post_tag","embeddable":true,"href":"https:\/\/augrund.de\/ebner-frey\/wp-json\/wp\/v2\/tags?post=793"}],"curies":[{"name":"wp","href":"https:\/\/api.w.org\/{rel}","templated":true}]}}