{"id":719,"date":"2018-12-11T22:30:00","date_gmt":"2018-12-11T21:30:00","guid":{"rendered":"http:\/\/augrund.de\/ebner-frey\/?p=719"},"modified":"2019-02-01T08:00:14","modified_gmt":"2019-02-01T07:00:14","slug":"auftritt-beim-5-puc-newcomer-musikfestival-am-23-02-19","status":"publish","type":"post","link":"https:\/\/augrund.de\/ebner-frey\/2018\/12\/11\/auftritt-beim-5-puc-newcomer-musikfestival-am-23-02-19\/","title":{"rendered":"Auftritt beim 5. PUC Newcomer Musikfestival am 23.02.19"},"content":{"rendered":"\n    <h3 class=\"gigpress-related-heading\">Konzert<\/h3>\n\n<ul class=\"gigpress-related-show active\">\n    <li>\n        <span class=\"gigpress-related-label\">Duo:<\/span>\n        <span class=\"gigpress-related-item\"><a href=\"http:\/\/ebner-frey.de\" target=\"_blank\">Duo Beba Ebner &#038; Thomas Frey<\/a><\/span>\n    <\/li>\n\t    <li>\n        <span class=\"gigpress-related-label\">Datum:<\/span>\n        <span class=\"gigpress-related-item\">23.02.19\t\t<\/span>\n    <\/li>\n\t        <li>\n            <span class=\"gigpress-related-label\">Zeit:<\/span>\n            <span class=\"gigpress-related-item\">19:00<\/span>\n        <\/li>\n\t\n    <li>\n        <span class=\"gigpress-related-label\">Location:<\/span>\n        <span class=\"gigpress-show-related\"><a href=\"http:\/\/www.puc-puchheim.de\/raeume.html\" target=\"_blank\">Bela Bartoc Saal, PUC in Puchheim bei M\u00fcnchen<\/a><\/span>\n    <\/li>\n\n    <li>\n        <span class=\"gigpress-related-label\">Stadt:<\/span>\n        <span class=\"gigpress-related-item\">Puchheim\t\t<\/span>\n    <\/li>\n\t        <li>\n            <span class=\"gigpress-related-label\">Adresse:<\/span>\n            <span class=\"gigpress-related-item\"><a href=\"http:\/\/maps.google.com\/maps?&amp;q=Oskar-Maria-Graf-Str.+2,Puchheim,82178,DE\" class=\"gigpress-address\" target=\"_blank\">Oskar-Maria-Graf-Str. 2<\/a><\/span>\n        <\/li>\n\t\t    <li>\n        <span class=\"gigpress-related-label\">Land:<\/span>\n        <span class=\"gigpress-related-item\">DE<\/span>\n    <\/li>\n\t        <li>\n            <span class=\"gigpress-related-label\">Eintritt:<\/span>\n            <span class=\"gigpress-related-item\">Eintritt frei, Spenden erbeten<\/span>\n        <\/li>\n\t\t        <li>\n            <span class=\"gigpress-related-label\">Altersbeschr\u00e4nkungen:<\/span>\n            <span class=\"gigpress-related-item\">Keine Altersbeschr\u00e4nkung<\/span>\n        <\/li>\n\t\n\t\n\t\n\t        <li><a href=\"https:\/\/www.rce-event.de\/output.php?id=1171&#038;mode=DT&#038;os=10&#038;send=foo&#038;RCEID=b3f05l35ushik7a19klttcam86&#038;hid=cdf272e773b1d516709affe9892be3cb\" target=\"_blank\">Weitere Informationen<\/a><\/li>\n\t\n\t        <li>\n            <span class=\"gigpress-related-label\">Anmerkungen:<\/span>\n            <span class=\"gigpress-related-item\">Am 23. Februar 2019 spielt das Duo Beba Ebner &amp; Thomas Frey  auf dem angesagten 5. Newcomer Musikfestival des Kulturverein Puchheim und der Stadt Puchheim.\r\nKnapp eine Stunde Programm auf der sch\u00f6nen B\u00fchne des B\u00e9la-Bart\u00f3k-Saals im PUC. Wir freuen uns zusammen mit den anderen Teilnehmern auf unser Publikum.<\/span>\n        <\/li>\n\t<\/ul><script type=\"application\/ld+json\">[\n    {\n        \"@context\": \"http:\/\/schema.org\",\n        \"@type\": \"Event\",\n        \"name\": \"Duo Beba Ebner &#038; Thomas Frey\",\n        \"startDate\": \"2019-02-23T19:00:00\",\n        \"url\": \"https:\/\/augrund.de\/ebner-frey\/2018\/12\/11\/auftritt-beim-5-puc-newcomer-musikfestival-am-23-02-19\/\",\n        \"description\": \"Am 23. Februar 2019 spielt das Duo Beba Ebner &amp; Thomas Frey  auf dem angesagten 5. Newcomer Musikfestival des Kulturverein Puchheim und der Stadt Puchheim.\\r\\nKnapp eine Stunde Programm auf der sch\\u00f6nen B\\u00fchne des B\\u00e9la-Bart\\u00f3k-Saals im PUC. Wir freuen uns zusammen mit den anderen Teilnehmern auf unser Publikum.\",\n        \"typicalAgeRange\": \"Keine Altersbeschr\\u00e4nkung\",\n        \"performers\": {\n            \"@type\": \"Organization\",\n            \"name\": \"Duo Beba Ebner &#038; Thomas Frey\",\n            \"url\": \"http:\/\/ebner-frey.de\"\n        },\n        \"location\": {\n            \"@type\": \"Place\",\n            \"name\": \"Bela Bartoc Saal, PUC in Puchheim bei M\\u00fcnchen\",\n            \"url\": \"http:\/\/www.puc-puchheim.de\/raeume.html\",\n            \"address\": {\n                \"@type\": \"PostalAddress\",\n                \"streetAddress\": \"Oskar-Maria-Graf-Str. 2\",\n                \"addressLocality\": \"Puchheim\",\n                \"postalCode\": \"82178\",\n                \"addressCountry\": \"DE\"\n            }\n        },\n        \"offers\": {\n            \"@type\": \"Offer\",\n            \"price\": \",\"\n        }\n    }\n]<\/script>","protected":false},"excerpt":{"rendered":"","protected":false},"author":1,"featured_media":722,"comment_status":"closed","ping_status":"closed","sticky":false,"template":"","format":"standard","meta":{"footnotes":""},"categories":[2],"tags":[],"class_list":["post-719","post","type-post","status-publish","format-standard","has-post-thumbnail","hentry","category-konzerte"],"post_mailing_queue_ids":[],"_links":{"self":[{"href":"https:\/\/augrund.de\/ebner-frey\/wp-json\/wp\/v2\/posts\/719","targetHints":{"allow":["GET"]}}],"collection":[{"href":"https:\/\/augrund.de\/ebner-frey\/wp-json\/wp\/v2\/posts"}],"about":[{"href":"https:\/\/augrund.de\/ebner-frey\/wp-json\/wp\/v2\/types\/post"}],"author":[{"embeddable":true,"href":"https:\/\/augrund.de\/ebner-frey\/wp-json\/wp\/v2\/users\/1"}],"replies":[{"embeddable":true,"href":"https:\/\/augrund.de\/ebner-frey\/wp-json\/wp\/v2\/comments?post=719"}],"version-history":[{"count":1,"href":"https:\/\/augrund.de\/ebner-frey\/wp-json\/wp\/v2\/posts\/719\/revisions"}],"predecessor-version":[{"id":721,"href":"https:\/\/augrund.de\/ebner-frey\/wp-json\/wp\/v2\/posts\/719\/revisions\/721"}],"wp:featuredmedia":[{"embeddable":true,"href":"https:\/\/augrund.de\/ebner-frey\/wp-json\/wp\/v2\/media\/722"}],"wp:attachment":[{"href":"https:\/\/augrund.de\/ebner-frey\/wp-json\/wp\/v2\/media?parent=719"}],"wp:term":[{"taxonomy":"category","embeddable":true,"href":"https:\/\/augrund.de\/ebner-frey\/wp-json\/wp\/v2\/categories?post=719"},{"taxonomy":"post_tag","embeddable":true,"href":"https:\/\/augrund.de\/ebner-frey\/wp-json\/wp\/v2\/tags?post=719"}],"curies":[{"name":"wp","href":"https:\/\/api.w.org\/{rel}","templated":true}]}}