{"id":625,"date":"2018-06-12T10:33:12","date_gmt":"2018-06-12T08:33:12","guid":{"rendered":"http:\/\/augrund.de\/ebner-frey\/2018\/06\/12\/auftritt-auf-dem-stadtgruendungs-und-bennofest-in-muenchen-am-17-06-18\/"},"modified":"2018-06-12T10:45:48","modified_gmt":"2018-06-12T08:45:48","slug":"auftritt-auf-dem-stadtgruendungs-und-bennofest-in-muenchen-am-17-06-18","status":"publish","type":"post","link":"https:\/\/augrund.de\/ebner-frey\/2018\/06\/12\/auftritt-auf-dem-stadtgruendungs-und-bennofest-in-muenchen-am-17-06-18\/","title":{"rendered":"Auftritt auf dem Stadtgr\u00fcndungs- und Bennofest in M\u00fcnchen am 17.06.18"},"content":{"rendered":"<p>Am Samstag den 16. und Sonntag 17. Juni 2018 feiert M\u00fcnchen mit dem Stadtgr\u00fcndungsfest seinen 860. Geburtstag. Zeitgleich findet das\u00a0Bennofest des Erzbistum M\u00fcnchen und Freising statt. Die Innenstadt M\u00fcnchens verwandelt sich w\u00e4hrend des Stadtgr\u00fcndungsfests in eine \u201eErlebnismeile\u201c.\u00a0Stra\u00dfenk\u00fcnstler unterhalten die Besucher und Stra\u00dfenmusikanten spielen auf. Die M\u00fcnchner Schule f\u00fcr Bairische Musik (<a href=\"https:\/\/www.volkskultur-musikschule.de\" target=\"_blank\" rel=\"noopener\">volkskultur-musikschule.de<\/a>) feiert mit und Das Duo Beba Ebner &amp; Thomas Frey sind an dem Stand der M\u00fcnchner Schule am 17. Juni von 15:00 bis 16:00 als Stra\u00dfenmusikanten dabei. Wir spielen unentgeltlich und freuen uns \u00fcber jede Spende an die gemeinn\u00fctzige Musikschule w\u00e4hrend unseres Auftritts &#8211; der Hut geht rum.<\/p>\n<p>Weitere Informationen zum Programm der\u00a0M\u00fcnchner Schule f\u00fcr Bairische Musik w\u00e4hrend des Festwochenendes finden sich <a href=\"https:\/\/www.volkskultur-musikschule.de\/konzert-veranstaltung\/stadtgruendungsfest-bennofest\/\" target=\"_blank\" rel=\"noopener\">hier&#8230;<\/a><\/p>\n<p>Wir freuen uns schon sehr auf die Veranstaltung!<\/p>\n\n    <h3 class=\"gigpress-related-heading\">Konzert<\/h3>\n\n<ul class=\"gigpress-related-show active\">\n    <li>\n        <span class=\"gigpress-related-label\">Duo:<\/span>\n        <span class=\"gigpress-related-item\"><a href=\"http:\/\/ebner-frey.de\" target=\"_blank\">Duo Beba Ebner &#038; Thomas Frey<\/a><\/span>\n    <\/li>\n\t    <li>\n        <span class=\"gigpress-related-label\">Datum:<\/span>\n        <span class=\"gigpress-related-item\">17.06.18\t\t<\/span>\n    <\/li>\n\t        <li>\n            <span class=\"gigpress-related-label\">Zeit:<\/span>\n            <span class=\"gigpress-related-item\">15:00<\/span>\n        <\/li>\n\t\n    <li>\n        <span class=\"gigpress-related-label\">Location:<\/span>\n        <span class=\"gigpress-show-related\"><a href=\"https:\/\/www.volkskultur-musikschule.de\/konzert-veranstaltung\/stadtgruendungsfest-bennofest\/\" target=\"_blank\">Wastl Fanderl Schule in der Fu\u00dfg\u00e4ngerzone M\u00fcnchen<\/a><\/span>\n    <\/li>\n\n    <li>\n        <span class=\"gigpress-related-label\">Stadt:<\/span>\n        <span class=\"gigpress-related-item\">M\u00fcnchen\t\t<\/span>\n    <\/li>\n\t        <li>\n            <span class=\"gigpress-related-label\">Adresse:<\/span>\n            <span class=\"gigpress-related-item\"><a href=\"http:\/\/maps.google.com\/maps?&amp;q=Liebfrauenstr.,M%C3%BCnchen,DE\" class=\"gigpress-address\" target=\"_blank\">Liebfrauenstr.<\/a><\/span>\n        <\/li>\n\t\t    <li>\n        <span class=\"gigpress-related-label\">Land:<\/span>\n        <span class=\"gigpress-related-item\">DE<\/span>\n    <\/li>\n\t        <li>\n            <span class=\"gigpress-related-label\">Eintritt:<\/span>\n            <span class=\"gigpress-related-item\">Spenden f\u00fcr die Schule<\/span>\n        <\/li>\n\t\t        <li>\n            <span class=\"gigpress-related-label\">Altersbeschr\u00e4nkungen:<\/span>\n            <span class=\"gigpress-related-item\">Keine Altersbeschr\u00e4nkung<\/span>\n        <\/li>\n\t\n\t\n\t\n\t        <li><a href=\"http:\/\/www.muenchen.de\/veranstaltungen\/event\/8060.html\" target=\"_blank\">Weitere Informationen<\/a><\/li>\n\t\n\t<\/ul><script type=\"application\/ld+json\">[\n    {\n        \"@context\": \"http:\/\/schema.org\",\n        \"@type\": \"Event\",\n        \"name\": \"Duo Beba Ebner &#038; Thomas Frey\",\n        \"startDate\": \"2018-06-17T15:00:00\",\n        \"url\": \"https:\/\/augrund.de\/ebner-frey\/2018\/06\/12\/auftritt-auf-dem-stadtgruendungs-und-bennofest-in-muenchen-am-17-06-18\/\",\n        \"typicalAgeRange\": \"Keine Altersbeschr\\u00e4nkung\",\n        \"performers\": {\n            \"@type\": \"Organization\",\n            \"name\": \"Duo Beba Ebner &#038; Thomas Frey\",\n            \"url\": \"http:\/\/ebner-frey.de\"\n        },\n        \"location\": {\n            \"@type\": \"Place\",\n            \"name\": \"Wastl Fanderl Schule in der Fu\\u00dfg\\u00e4ngerzone M\\u00fcnchen\",\n            \"url\": \"https:\/\/www.volkskultur-musikschule.de\/konzert-veranstaltung\/stadtgruendungsfest-bennofest\/\",\n            \"address\": {\n                \"@type\": \"PostalAddress\",\n                \"streetAddress\": \"Liebfrauenstr.\",\n                \"addressLocality\": \"M\\u00fcnchen\",\n                \"addressCountry\": \"DE\"\n            }\n        },\n        \"offers\": {\n            \"@type\": \"Offer\",\n            \"price\": \"\"\n        }\n    }\n]<\/script>","protected":false},"excerpt":{"rendered":"<p>Am Samstag den 16. und Sonntag 17. Juni 2018 feiert M\u00fcnchen mit dem Stadtgr\u00fcndungsfest seinen 860. Geburtstag. Zeitgleich findet das\u00a0Bennofest des Erzbistum M\u00fcnchen und Freising statt. Die Innenstadt M\u00fcnchens verwandelt sich w\u00e4hrend des Stadtgr\u00fcndungsfests in eine \u201eErlebnismeile\u201c.\u00a0Stra\u00dfenk\u00fcnstler unterhalten die Besucher und Stra\u00dfenmusikanten spielen auf. Die M\u00fcnchner Schule f\u00fcr Bairische Musik (volkskultur-musikschule.de) feiert mit und Das [&hellip;]<\/p>\n","protected":false},"author":1,"featured_media":626,"comment_status":"closed","ping_status":"closed","sticky":false,"template":"","format":"standard","meta":{"footnotes":""},"categories":[2],"tags":[],"class_list":["post-625","post","type-post","status-publish","format-standard","has-post-thumbnail","hentry","category-konzerte"],"post_mailing_queue_ids":[],"_links":{"self":[{"href":"https:\/\/augrund.de\/ebner-frey\/wp-json\/wp\/v2\/posts\/625","targetHints":{"allow":["GET"]}}],"collection":[{"href":"https:\/\/augrund.de\/ebner-frey\/wp-json\/wp\/v2\/posts"}],"about":[{"href":"https:\/\/augrund.de\/ebner-frey\/wp-json\/wp\/v2\/types\/post"}],"author":[{"embeddable":true,"href":"https:\/\/augrund.de\/ebner-frey\/wp-json\/wp\/v2\/users\/1"}],"replies":[{"embeddable":true,"href":"https:\/\/augrund.de\/ebner-frey\/wp-json\/wp\/v2\/comments?post=625"}],"version-history":[{"count":4,"href":"https:\/\/augrund.de\/ebner-frey\/wp-json\/wp\/v2\/posts\/625\/revisions"}],"predecessor-version":[{"id":630,"href":"https:\/\/augrund.de\/ebner-frey\/wp-json\/wp\/v2\/posts\/625\/revisions\/630"}],"wp:featuredmedia":[{"embeddable":true,"href":"https:\/\/augrund.de\/ebner-frey\/wp-json\/wp\/v2\/media\/626"}],"wp:attachment":[{"href":"https:\/\/augrund.de\/ebner-frey\/wp-json\/wp\/v2\/media?parent=625"}],"wp:term":[{"taxonomy":"category","embeddable":true,"href":"https:\/\/augrund.de\/ebner-frey\/wp-json\/wp\/v2\/categories?post=625"},{"taxonomy":"post_tag","embeddable":true,"href":"https:\/\/augrund.de\/ebner-frey\/wp-json\/wp\/v2\/tags?post=625"}],"curies":[{"name":"wp","href":"https:\/\/api.w.org\/{rel}","templated":true}]}}