{"id":557,"date":"2018-04-05T14:04:38","date_gmt":"2018-04-05T12:04:38","guid":{"rendered":"http:\/\/augrund.de\/ebner-frey\/?p=557"},"modified":"2018-05-20T22:27:49","modified_gmt":"2018-05-20T20:27:49","slug":"vorfreude-auf-den-musikalischen-samstag-in-wasserburg","status":"publish","type":"post","link":"https:\/\/augrund.de\/ebner-frey\/2018\/04\/05\/vorfreude-auf-den-musikalischen-samstag-in-wasserburg\/","title":{"rendered":"Vorfreude auf den Musikalischen Samstag in Wasserburg"},"content":{"rendered":"<div id=\"pl-557\"  class=\"panel-layout\" ><div id=\"pg-557-0\"  class=\"panel-grid panel-no-style\" ><div id=\"pgc-557-0-0\"  class=\"panel-grid-cell\" ><div id=\"panel-557-0-0-0\" class=\"so-panel widget widget_sow-editor panel-first-child panel-last-child\" data-index=\"0\" ><div\n\t\t\t\n\t\t\tclass=\"so-widget-sow-editor so-widget-sow-editor-base\"\n\t\t\t\n\t\t>\n<div class=\"siteorigin-widget-tinymce textwidget\">\n\t<p>\u00a0<img loading=\"lazy\" decoding=\"async\" class=\"alignnone size-medium wp-image-559\" src=\"https:\/\/augrund.de\/ebner-frey\/wp-content\/uploads\/sites\/6\/2018\/04\/wasserburg-2018-002-300x142.jpg\" alt=\"\" width=\"300\" height=\"142\" srcset=\"https:\/\/augrund.de\/ebner-frey\/wp-content\/uploads\/sites\/6\/2018\/04\/wasserburg-2018-002-300x142.jpg 300w, https:\/\/augrund.de\/ebner-frey\/wp-content\/uploads\/sites\/6\/2018\/04\/wasserburg-2018-002-768x364.jpg 768w, https:\/\/augrund.de\/ebner-frey\/wp-content\/uploads\/sites\/6\/2018\/04\/wasserburg-2018-002-1024x486.jpg 1024w, https:\/\/augrund.de\/ebner-frey\/wp-content\/uploads\/sites\/6\/2018\/04\/wasserburg-2018-002-1000x474.jpg 1000w, https:\/\/augrund.de\/ebner-frey\/wp-content\/uploads\/sites\/6\/2018\/04\/wasserburg-2018-002.jpg 1200w\" sizes=\"auto, (max-width: 300px) 100vw, 300px\" \/><\/p>\n<\/div>\n<\/div><\/div><\/div><div id=\"pgc-557-0-1\"  class=\"panel-grid-cell\" ><div id=\"panel-557-0-1-0\" class=\"so-panel widget widget_sow-editor panel-first-child panel-last-child\" data-index=\"1\" ><div\n\t\t\t\n\t\t\tclass=\"so-widget-sow-editor so-widget-sow-editor-base\"\n\t\t\t\n\t\t>\n<div class=\"siteorigin-widget-tinymce textwidget\">\n\t<p>Der Wetterbericht f\u00fcr Samstag ist gut, die Sonne soll scheinen und es wird hoffentlich ein sehr sch\u00f6ner Tag in Wasserburg. Diese Woche waren wir in Wasserburg. Da haben wir die Gelegenheit gleich genutzt und die Ledererzeile besucht, wo wir am Samstag ab 10:30 bis 13:00 Uhr zum <a href=\"http:\/\/augrund.de\/ebner-frey\/2018\/03\/09\/musikalischer-samstag-wasserburg-am-07-04-18\/\">Musikalischen Samstag 2018 in Wasserburg<\/a> spielen d\u00fcrfen.\u00a0<\/p>\n<\/div>\n<\/div><\/div><\/div><\/div><div id=\"pg-557-1\"  class=\"panel-grid panel-no-style\" ><div id=\"pgc-557-1-0\"  class=\"panel-grid-cell\" ><div id=\"panel-557-1-0-0\" class=\"so-panel widget widget_sow-editor panel-first-child panel-last-child\" data-index=\"2\" ><div\n\t\t\t\n\t\t\tclass=\"so-widget-sow-editor so-widget-sow-editor-base\"\n\t\t\t\n\t\t>\n<div class=\"siteorigin-widget-tinymce textwidget\">\n\t<p>Ein wundersch\u00f6nes Cafe\/Restaurant - <a href=\"http:\/\/www.lutzundchristine.de\" target=\"_blank\" rel=\"noopener\">Lutz &amp; Christine<\/a>\u00a0- befindet sich dort in der Ledererzeile 10.\u00a0Christine hat uns gleich sehr warm und freudig begr\u00fc\u00dft als wir uns vorgestellt haben. Was f\u00fcr ein sch\u00f6nes Kennenlernen. Wir bekommen dort Strom und haben Platz neben Cafe zum Spielen. Man kann also verweilen und dabei noch Feines genie\u00dfen. Wir freuen uns schon sehr.<\/p>\n<\/div>\n<\/div><\/div><\/div><div id=\"pgc-557-1-1\"  class=\"panel-grid-cell\" ><div id=\"panel-557-1-1-0\" class=\"so-panel widget widget_sow-editor panel-first-child panel-last-child\" data-index=\"3\" ><div\n\t\t\t\n\t\t\tclass=\"so-widget-sow-editor so-widget-sow-editor-base\"\n\t\t\t\n\t\t>\n<div class=\"siteorigin-widget-tinymce textwidget\">\n\t<p>\u00a0<img loading=\"lazy\" decoding=\"async\" class=\"alignnone size-medium wp-image-560\" src=\"https:\/\/augrund.de\/ebner-frey\/wp-content\/uploads\/sites\/6\/2018\/04\/wasserburg-2018-003-300x164.jpg\" alt=\"\" width=\"300\" height=\"164\" srcset=\"https:\/\/augrund.de\/ebner-frey\/wp-content\/uploads\/sites\/6\/2018\/04\/wasserburg-2018-003-300x164.jpg 300w, https:\/\/augrund.de\/ebner-frey\/wp-content\/uploads\/sites\/6\/2018\/04\/wasserburg-2018-003-768x420.jpg 768w, https:\/\/augrund.de\/ebner-frey\/wp-content\/uploads\/sites\/6\/2018\/04\/wasserburg-2018-003-1024x561.jpg 1024w, https:\/\/augrund.de\/ebner-frey\/wp-content\/uploads\/sites\/6\/2018\/04\/wasserburg-2018-003-1000x548.jpg 1000w, https:\/\/augrund.de\/ebner-frey\/wp-content\/uploads\/sites\/6\/2018\/04\/wasserburg-2018-003.jpg 1200w\" sizes=\"auto, (max-width: 300px) 100vw, 300px\" \/><\/p>\n<\/div>\n<\/div><\/div><\/div><\/div><\/div>","protected":false},"excerpt":{"rendered":"<p>\u00a0 Der Wetterbericht f\u00fcr Samstag ist gut, die Sonne soll scheinen und es wird hoffentlich ein sehr sch\u00f6ner Tag in Wasserburg. Diese Woche waren wir in Wasserburg. Da haben wir die Gelegenheit gleich genutzt und die Ledererzeile besucht, wo wir am Samstag ab 10:30 bis 13:00 Uhr zum Musikalischen Samstag 2018 in Wasserburg spielen d\u00fcrfen.\u00a0<\/p>\n","protected":false},"author":1,"featured_media":558,"comment_status":"closed","ping_status":"closed","sticky":false,"template":"","format":"standard","meta":{"footnotes":""},"categories":[4],"tags":[],"class_list":["post-557","post","type-post","status-publish","format-standard","has-post-thumbnail","hentry","category-bericht"],"post_mailing_queue_ids":[],"_links":{"self":[{"href":"https:\/\/augrund.de\/ebner-frey\/wp-json\/wp\/v2\/posts\/557","targetHints":{"allow":["GET"]}}],"collection":[{"href":"https:\/\/augrund.de\/ebner-frey\/wp-json\/wp\/v2\/posts"}],"about":[{"href":"https:\/\/augrund.de\/ebner-frey\/wp-json\/wp\/v2\/types\/post"}],"author":[{"embeddable":true,"href":"https:\/\/augrund.de\/ebner-frey\/wp-json\/wp\/v2\/users\/1"}],"replies":[{"embeddable":true,"href":"https:\/\/augrund.de\/ebner-frey\/wp-json\/wp\/v2\/comments?post=557"}],"version-history":[{"count":19,"href":"https:\/\/augrund.de\/ebner-frey\/wp-json\/wp\/v2\/posts\/557\/revisions"}],"predecessor-version":[{"id":579,"href":"https:\/\/augrund.de\/ebner-frey\/wp-json\/wp\/v2\/posts\/557\/revisions\/579"}],"wp:featuredmedia":[{"embeddable":true,"href":"https:\/\/augrund.de\/ebner-frey\/wp-json\/wp\/v2\/media\/558"}],"wp:attachment":[{"href":"https:\/\/augrund.de\/ebner-frey\/wp-json\/wp\/v2\/media?parent=557"}],"wp:term":[{"taxonomy":"category","embeddable":true,"href":"https:\/\/augrund.de\/ebner-frey\/wp-json\/wp\/v2\/categories?post=557"},{"taxonomy":"post_tag","embeddable":true,"href":"https:\/\/augrund.de\/ebner-frey\/wp-json\/wp\/v2\/tags?post=557"}],"curies":[{"name":"wp","href":"https:\/\/api.w.org\/{rel}","templated":true}]}}