{"id":289,"date":"2018-01-12T00:58:19","date_gmt":"2018-01-11T23:58:19","guid":{"rendered":"http:\/\/augrund.de\/ebner-frey\/2018\/01\/12\/4-newcomer-musikfestival-am-17-03-2018\/"},"modified":"2018-05-23T23:38:35","modified_gmt":"2018-05-23T21:38:35","slug":"4-newcomer-musikfestival-am-17-03-18","status":"publish","type":"post","link":"https:\/\/augrund.de\/ebner-frey\/2018\/01\/12\/4-newcomer-musikfestival-am-17-03-18\/","title":{"rendered":"4. Newcomer Musikfestival am 17.03.18"},"content":{"rendered":"<p>Am 17.03. 2018 ist es soweit, es steigt das <a href=\"http:\/\/www.kulturverein-puchheim.de\/termine\/jazz\/333-newcomer-musikfestival-17-03-18.html\" target=\"_blank\" rel=\"noopener\">4. Newcomer Musikfestival des Kulturverein Puchheim\u00a0<\/a>\u00a0wir sind dabei und gestalten eine Stunde Programm.<\/p>\n\n    <h3 class=\"gigpress-related-heading\">Konzert<\/h3>\n\n<ul class=\"gigpress-related-show active\">\n    <li>\n        <span class=\"gigpress-related-label\">Duo:<\/span>\n        <span class=\"gigpress-related-item\"><a href=\"http:\/\/ebner-frey.de\" target=\"_blank\">Duo Beba Ebner &#038; Thomas Frey<\/a><\/span>\n    <\/li>\n\t    <li>\n        <span class=\"gigpress-related-label\">Datum:<\/span>\n        <span class=\"gigpress-related-item\">17.03.18\t\t<\/span>\n    <\/li>\n\t        <li>\n            <span class=\"gigpress-related-label\">Zeit:<\/span>\n            <span class=\"gigpress-related-item\">19:30<\/span>\n        <\/li>\n\t\n    <li>\n        <span class=\"gigpress-related-label\">Location:<\/span>\n        <span class=\"gigpress-show-related\"><a href=\"http:\/\/www.kulturverein-puchheim.de\" target=\"_blank\">Kullturverein Puchheim im puc (Puchheimer Kulturzentrum)<\/a><\/span>\n    <\/li>\n\n    <li>\n        <span class=\"gigpress-related-label\">Stadt:<\/span>\n        <span class=\"gigpress-related-item\">Puchheim\t\t<\/span>\n    <\/li>\n\t        <li>\n            <span class=\"gigpress-related-label\">Adresse:<\/span>\n            <span class=\"gigpress-related-item\"><a href=\"http:\/\/maps.google.com\/maps?&amp;q=Oskar-Maria-Graf-Str.+2,Puchheim,82178,DE\" class=\"gigpress-address\" target=\"_blank\">Oskar-Maria-Graf-Str. 2<\/a><\/span>\n        <\/li>\n\t\t        <li>\n            <span class=\"gigpress-related-label\">Location Telefonnummer:<\/span>\n            <span class=\"gigpress-related-item\">+49 89 806803<\/span>\n        <\/li>\n\t    <li>\n        <span class=\"gigpress-related-label\">Land:<\/span>\n        <span class=\"gigpress-related-item\">DE<\/span>\n    <\/li>\n\t        <li>\n            <span class=\"gigpress-related-label\">Eintritt:<\/span>\n            <span class=\"gigpress-related-item\">frei, Spenden erbeten<\/span>\n        <\/li>\n\t\t        <li>\n            <span class=\"gigpress-related-label\">Altersbeschr\u00e4nkungen:<\/span>\n            <span class=\"gigpress-related-item\">Keine Altersbeschr\u00e4nkung<\/span>\n        <\/li>\n\t\n\t\n\t\n\t        <li><a href=\"http:\/\/www.kulturverein-puchheim.de\/termine\/jazz\/333-newcomer-musikfestival-17-03-18.html\" target=\"_blank\">Weitere Informationen<\/a><\/li>\n\t\n\t        <li>\n            <span class=\"gigpress-related-label\">Anmerkungen:<\/span>\n            <span class=\"gigpress-related-item\">Am 17. M\u00e4rz 2018 spielt das Duo Beba Ebner &amp; Thomas Frey auf dem angesagten 4. Newcomer Musikfestival des Musikvereins Puchheim. 1 Stunde Programm auf der sch\u00f6nen B\u00fchne des B\u00e9la-Bart\u00f3k-Saals im PUC. Wir freuen uns zusammen mit den anderen Teilnehmern auf unser Publikum.<\/span>\n        <\/li>\n\t<\/ul><script type=\"application\/ld+json\">[\n    {\n        \"@context\": \"http:\/\/schema.org\",\n        \"@type\": \"Event\",\n        \"name\": \"Duo Beba Ebner &#038; Thomas Frey\",\n        \"startDate\": \"2018-03-17T19:30:00\",\n        \"url\": \"https:\/\/augrund.de\/ebner-frey\/2018\/01\/12\/4-newcomer-musikfestival-am-17-03-18\/\",\n        \"description\": \"Am 17. M\\u00e4rz 2018 spielt das Duo Beba Ebner &amp; Thomas Frey auf dem angesagten 4. Newcomer Musikfestival des Musikvereins Puchheim. 1 Stunde Programm auf der sch\\u00f6nen B\\u00fchne des B\\u00e9la-Bart\\u00f3k-Saals im PUC. Wir freuen uns zusammen mit den anderen Teilnehmern auf unser Publikum.\",\n        \"typicalAgeRange\": \"Keine Altersbeschr\\u00e4nkung\",\n        \"performers\": {\n            \"@type\": \"Organization\",\n            \"name\": \"Duo Beba Ebner &#038; Thomas Frey\",\n            \"url\": \"http:\/\/ebner-frey.de\"\n        },\n        \"location\": {\n            \"@type\": \"Place\",\n            \"name\": \"Kullturverein Puchheim im puc (Puchheimer Kulturzentrum)\",\n            \"url\": \"http:\/\/www.kulturverein-puchheim.de\",\n            \"telephone\": \"+49 89 806803\",\n            \"address\": {\n                \"@type\": \"PostalAddress\",\n                \"streetAddress\": \"Oskar-Maria-Graf-Str. 2\",\n                \"addressLocality\": \"Puchheim\",\n                \"postalCode\": \"82178\",\n                \"addressCountry\": \"DE\"\n            }\n        },\n        \"offers\": {\n            \"@type\": \"Offer\",\n            \"price\": \",\"\n        }\n    }\n]<\/script>","protected":false},"excerpt":{"rendered":"<p>Am 17.03. 2018 ist es soweit, es steigt das 4. Newcomer Musikfestival des Kulturverein Puchheim\u00a0\u00a0wir sind dabei und gestalten eine Stunde Programm.<\/p>\n","protected":false},"author":1,"featured_media":291,"comment_status":"closed","ping_status":"closed","sticky":false,"template":"","format":"standard","meta":{"footnotes":""},"categories":[2],"tags":[],"class_list":["post-289","post","type-post","status-publish","format-standard","has-post-thumbnail","hentry","category-konzerte"],"post_mailing_queue_ids":[],"_links":{"self":[{"href":"https:\/\/augrund.de\/ebner-frey\/wp-json\/wp\/v2\/posts\/289","targetHints":{"allow":["GET"]}}],"collection":[{"href":"https:\/\/augrund.de\/ebner-frey\/wp-json\/wp\/v2\/posts"}],"about":[{"href":"https:\/\/augrund.de\/ebner-frey\/wp-json\/wp\/v2\/types\/post"}],"author":[{"embeddable":true,"href":"https:\/\/augrund.de\/ebner-frey\/wp-json\/wp\/v2\/users\/1"}],"replies":[{"embeddable":true,"href":"https:\/\/augrund.de\/ebner-frey\/wp-json\/wp\/v2\/comments?post=289"}],"version-history":[{"count":8,"href":"https:\/\/augrund.de\/ebner-frey\/wp-json\/wp\/v2\/posts\/289\/revisions"}],"predecessor-version":[{"id":620,"href":"https:\/\/augrund.de\/ebner-frey\/wp-json\/wp\/v2\/posts\/289\/revisions\/620"}],"wp:featuredmedia":[{"embeddable":true,"href":"https:\/\/augrund.de\/ebner-frey\/wp-json\/wp\/v2\/media\/291"}],"wp:attachment":[{"href":"https:\/\/augrund.de\/ebner-frey\/wp-json\/wp\/v2\/media?parent=289"}],"wp:term":[{"taxonomy":"category","embeddable":true,"href":"https:\/\/augrund.de\/ebner-frey\/wp-json\/wp\/v2\/categories?post=289"},{"taxonomy":"post_tag","embeddable":true,"href":"https:\/\/augrund.de\/ebner-frey\/wp-json\/wp\/v2\/tags?post=289"}],"curies":[{"name":"wp","href":"https:\/\/api.w.org\/{rel}","templated":true}]}}