{"id":275,"date":"2017-10-01T21:00:00","date_gmt":"2017-10-01T19:00:00","guid":{"rendered":"http:\/\/augrund.de\/ebner-frey\/2017\/10\/04\/lash-wednesday-im-shamrocks-muenchen-am-04-10-17\/"},"modified":"2018-05-20T22:29:02","modified_gmt":"2018-05-20T20:29:02","slug":"lash-wednesday-im-shamrocks-muenchen-am-04-10-17","status":"publish","type":"post","link":"https:\/\/augrund.de\/ebner-frey\/2017\/10\/01\/lash-wednesday-im-shamrocks-muenchen-am-04-10-17\/","title":{"rendered":"Lash Wednesday im Shamrocks M\u00fcnchen am 04.10.17"},"content":{"rendered":"\n    <h3 class=\"gigpress-related-heading\">Konzert<\/h3>\n\n<ul class=\"gigpress-related-show active\">\n    <li>\n        <span class=\"gigpress-related-label\">Duo:<\/span>\n        <span class=\"gigpress-related-item\"><a href=\"http:\/\/ebner-frey.de\" target=\"_blank\">Duo Beba Ebner &#038; Thomas Frey<\/a><\/span>\n    <\/li>\n\t    <li>\n        <span class=\"gigpress-related-label\">Datum:<\/span>\n        <span class=\"gigpress-related-item\">04.10.17\t\t<\/span>\n    <\/li>\n\t        <li>\n            <span class=\"gigpress-related-label\">Zeit:<\/span>\n            <span class=\"gigpress-related-item\">21:00<\/span>\n        <\/li>\n\t\n    <li>\n        <span class=\"gigpress-related-label\">Location:<\/span>\n        <span class=\"gigpress-show-related\"><a href=\"https:\/\/www.shamrockmunich.de\" target=\"_blank\">Shamrock Munich<\/a><\/span>\n    <\/li>\n\n    <li>\n        <span class=\"gigpress-related-label\">Stadt:<\/span>\n        <span class=\"gigpress-related-item\">M\u00fcnchen , Bayern\t\t<\/span>\n    <\/li>\n\t        <li>\n            <span class=\"gigpress-related-label\">Adresse:<\/span>\n            <span class=\"gigpress-related-item\"><a href=\"http:\/\/maps.google.com\/maps?&amp;q=Trautenwolfstra%C3%9Fe+6,M%C3%BCnchen,Bayern,80802,DE\" class=\"gigpress-address\" target=\"_blank\">Trautenwolfstra\u00dfe 6<\/a><\/span>\n        <\/li>\n\t\t        <li>\n            <span class=\"gigpress-related-label\">Location Telefonnummer:<\/span>\n            <span class=\"gigpress-related-item\">089 331081<\/span>\n        <\/li>\n\t    <li>\n        <span class=\"gigpress-related-label\">Land:<\/span>\n        <span class=\"gigpress-related-item\">DE<\/span>\n    <\/li>\n\t\t        <li>\n            <span class=\"gigpress-related-label\">Altersbeschr\u00e4nkungen:<\/span>\n            <span class=\"gigpress-related-item\">Keine Altersbeschr\u00e4nkung<\/span>\n        <\/li>\n\t\n\t\n\t\n\t\n\t        <li>\n            <span class=\"gigpress-related-label\">Anmerkungen:<\/span>\n            <span class=\"gigpress-related-item\">Wir haben den Lash Wednesday besucht und St\u00fccke aus unserem Repertoire pr\u00e4sentiert. Die Atmosph\u00e4re war sehr intim und man bekommt guten Kontakt zum Publikum, das zum Greifen nah dabei ist. Die vielen positiven R\u00fcckmeldungen haben uns sehr gefreut und best\u00e4rkt.<\/span>\n        <\/li>\n\t<\/ul><script type=\"application\/ld+json\">[\n    {\n        \"@context\": \"http:\/\/schema.org\",\n        \"@type\": \"Event\",\n        \"name\": \"Duo Beba Ebner &#038; Thomas Frey\",\n        \"startDate\": \"2017-10-04T21:00:00\",\n        \"url\": \"https:\/\/augrund.de\/ebner-frey\/2017\/10\/01\/lash-wednesday-im-shamrocks-muenchen-am-04-10-17\/\",\n        \"description\": \"Wir haben den Lash Wednesday besucht und St\\u00fccke aus unserem Repertoire pr\\u00e4sentiert. Die Atmosph\\u00e4re war sehr intim und man bekommt guten Kontakt zum Publikum, das zum Greifen nah dabei ist. Die vielen positiven R\\u00fcckmeldungen haben uns sehr gefreut und best\\u00e4rkt.\",\n        \"typicalAgeRange\": \"Keine Altersbeschr\\u00e4nkung\",\n        \"performers\": {\n            \"@type\": \"Organization\",\n            \"name\": \"Duo Beba Ebner &#038; Thomas Frey\",\n            \"url\": \"http:\/\/ebner-frey.de\"\n        },\n        \"location\": {\n            \"@type\": \"Place\",\n            \"name\": \"Shamrock Munich\",\n            \"url\": \"https:\/\/www.shamrockmunich.de\",\n            \"telephone\": \"089 331081\",\n            \"address\": {\n                \"@type\": \"PostalAddress\",\n                \"streetAddress\": \"Trautenwolfstra\\u00dfe 6\",\n                \"addressLocality\": \"M\\u00fcnchen\",\n                \"addressRegion\": \"Bayern\",\n                \"postalCode\": \"80802\",\n                \"addressCountry\": \"DE\"\n            }\n        }\n    }\n]<\/script>","protected":false},"excerpt":{"rendered":"","protected":false},"author":1,"featured_media":276,"comment_status":"closed","ping_status":"closed","sticky":false,"template":"","format":"standard","meta":{"footnotes":""},"categories":[2],"tags":[],"class_list":["post-275","post","type-post","status-publish","format-standard","has-post-thumbnail","hentry","category-konzerte"],"post_mailing_queue_ids":[],"_links":{"self":[{"href":"https:\/\/augrund.de\/ebner-frey\/wp-json\/wp\/v2\/posts\/275","targetHints":{"allow":["GET"]}}],"collection":[{"href":"https:\/\/augrund.de\/ebner-frey\/wp-json\/wp\/v2\/posts"}],"about":[{"href":"https:\/\/augrund.de\/ebner-frey\/wp-json\/wp\/v2\/types\/post"}],"author":[{"embeddable":true,"href":"https:\/\/augrund.de\/ebner-frey\/wp-json\/wp\/v2\/users\/1"}],"replies":[{"embeddable":true,"href":"https:\/\/augrund.de\/ebner-frey\/wp-json\/wp\/v2\/comments?post=275"}],"version-history":[{"count":1,"href":"https:\/\/augrund.de\/ebner-frey\/wp-json\/wp\/v2\/posts\/275\/revisions"}],"predecessor-version":[{"id":277,"href":"https:\/\/augrund.de\/ebner-frey\/wp-json\/wp\/v2\/posts\/275\/revisions\/277"}],"wp:featuredmedia":[{"embeddable":true,"href":"https:\/\/augrund.de\/ebner-frey\/wp-json\/wp\/v2\/media\/276"}],"wp:attachment":[{"href":"https:\/\/augrund.de\/ebner-frey\/wp-json\/wp\/v2\/media?parent=275"}],"wp:term":[{"taxonomy":"category","embeddable":true,"href":"https:\/\/augrund.de\/ebner-frey\/wp-json\/wp\/v2\/categories?post=275"},{"taxonomy":"post_tag","embeddable":true,"href":"https:\/\/augrund.de\/ebner-frey\/wp-json\/wp\/v2\/tags?post=275"}],"curies":[{"name":"wp","href":"https:\/\/api.w.org\/{rel}","templated":true}]}}