{"id":177,"date":"2017-10-05T20:00:00","date_gmt":"2017-10-05T18:00:00","guid":{"rendered":"http:\/\/augrund.de\/ebner-frey\/?p=177"},"modified":"2018-05-20T22:28:56","modified_gmt":"2018-05-20T20:28:56","slug":"auftritt-auf-dem-34-konzert-der-veranstaltungsreihe-jazz-around-the-world-am-23-11-17","status":"publish","type":"post","link":"https:\/\/augrund.de\/ebner-frey\/2017\/10\/05\/auftritt-auf-dem-34-konzert-der-veranstaltungsreihe-jazz-around-the-world-am-23-11-17\/","title":{"rendered":"Auftritt auf dem 34. Konzert der Veranstaltungsreihe Jazz Around The World am 23.11.17"},"content":{"rendered":"\n    <h3 class=\"gigpress-related-heading\">Konzert<\/h3>\n\n<ul class=\"gigpress-related-show active\">\n    <li>\n        <span class=\"gigpress-related-label\">Duo:<\/span>\n        <span class=\"gigpress-related-item\"><a href=\"http:\/\/ebner-frey.de\" target=\"_blank\">Duo Beba Ebner &#038; Thomas Frey<\/a><\/span>\n    <\/li>\n\t    <li>\n        <span class=\"gigpress-related-label\">Datum:<\/span>\n        <span class=\"gigpress-related-item\">23.11.17\t\t<\/span>\n    <\/li>\n\t        <li>\n            <span class=\"gigpress-related-label\">Zeit:<\/span>\n            <span class=\"gigpress-related-item\">20:00<\/span>\n        <\/li>\n\t\n    <li>\n        <span class=\"gigpress-related-label\">Location:<\/span>\n        <span class=\"gigpress-show-related\"><a href=\"http:\/\/www.kulturverein-puchheim.de\" target=\"_blank\">Kullturverein Puchheim im puc (Puchheimer Kulturzentrum)<\/a><\/span>\n    <\/li>\n\n    <li>\n        <span class=\"gigpress-related-label\">Stadt:<\/span>\n        <span class=\"gigpress-related-item\">Puchheim\t\t<\/span>\n    <\/li>\n\t        <li>\n            <span class=\"gigpress-related-label\">Adresse:<\/span>\n            <span class=\"gigpress-related-item\"><a href=\"http:\/\/maps.google.com\/maps?&amp;q=Oskar-Maria-Graf-Str.+2,Puchheim,82178,DE\" class=\"gigpress-address\" target=\"_blank\">Oskar-Maria-Graf-Str. 2<\/a><\/span>\n        <\/li>\n\t\t        <li>\n            <span class=\"gigpress-related-label\">Location Telefonnummer:<\/span>\n            <span class=\"gigpress-related-item\">+49 89 806803<\/span>\n        <\/li>\n\t    <li>\n        <span class=\"gigpress-related-label\">Land:<\/span>\n        <span class=\"gigpress-related-item\">DE<\/span>\n    <\/li>\n\t        <li>\n            <span class=\"gigpress-related-label\">Eintritt:<\/span>\n            <span class=\"gigpress-related-item\">20,60 \u20ac<\/span>\n        <\/li>\n\t\t        <li>\n            <span class=\"gigpress-related-label\">Altersbeschr\u00e4nkungen:<\/span>\n            <span class=\"gigpress-related-item\">Keine Altersbeschr\u00e4nkung<\/span>\n        <\/li>\n\t\n\t\n\t\n\t\n\t        <li>\n            <span class=\"gigpress-related-label\">Anmerkungen:<\/span>\n            <span class=\"gigpress-related-item\">Das Duo Bebe Ebner und Thomas Frey wurde eingeladen als Vorband f\u00fcr das 34. Konzert der Veranstaltungsreihe &#8222;Jazz Around The World&#8220; aufzutreten. Es ist geplant im M\u00e4rz 2018 eines der n\u00e4chsten Konzerte dieser Veranstaltungsreihe, die die S\u00fcddeutsche Zeitung als kleines aber feines Jazz-Eldorado bezeichnet hat als Main Act zu gestalten. Wir freuen uns schon.<\/span>\n        <\/li>\n\t<\/ul><script type=\"application\/ld+json\">[\n    {\n        \"@context\": \"http:\/\/schema.org\",\n        \"@type\": \"Event\",\n        \"name\": \"Duo Beba Ebner &#038; Thomas Frey\",\n        \"startDate\": \"2017-11-23T20:00:00\",\n        \"url\": \"https:\/\/augrund.de\/ebner-frey\/2017\/10\/05\/auftritt-auf-dem-34-konzert-der-veranstaltungsreihe-jazz-around-the-world-am-23-11-17\/\",\n        \"description\": \"Das Duo Bebe Ebner und Thomas Frey wurde eingeladen als Vorband f\\u00fcr das 34. Konzert der Veranstaltungsreihe &#8222;Jazz Around The World&#8220; aufzutreten. Es ist geplant im M\\u00e4rz 2018 eines der n\\u00e4chsten Konzerte dieser Veranstaltungsreihe, die die S\\u00fcddeutsche Zeitung als kleines aber feines Jazz-Eldorado bezeichnet hat als Main Act zu gestalten. Wir freuen uns schon.\",\n        \"typicalAgeRange\": \"Keine Altersbeschr\\u00e4nkung\",\n        \"performers\": {\n            \"@type\": \"Organization\",\n            \"name\": \"Duo Beba Ebner &#038; Thomas Frey\",\n            \"url\": \"http:\/\/ebner-frey.de\"\n        },\n        \"location\": {\n            \"@type\": \"Place\",\n            \"name\": \"Kullturverein Puchheim im puc (Puchheimer Kulturzentrum)\",\n            \"url\": \"http:\/\/www.kulturverein-puchheim.de\",\n            \"telephone\": \"+49 89 806803\",\n            \"address\": {\n                \"@type\": \"PostalAddress\",\n                \"streetAddress\": \"Oskar-Maria-Graf-Str. 2\",\n                \"addressLocality\": \"Puchheim\",\n                \"postalCode\": \"82178\",\n                \"addressCountry\": \"DE\"\n            }\n        },\n        \"offers\": {\n            \"@type\": \"Offer\",\n            \"price\": \"20,60\"\n        }\n    }\n]<\/script>","protected":false},"excerpt":{"rendered":"","protected":false},"author":1,"featured_media":178,"comment_status":"closed","ping_status":"closed","sticky":false,"template":"","format":"standard","meta":{"footnotes":""},"categories":[2],"tags":[],"class_list":["post-177","post","type-post","status-publish","format-standard","has-post-thumbnail","hentry","category-konzerte"],"post_mailing_queue_ids":[],"_links":{"self":[{"href":"https:\/\/augrund.de\/ebner-frey\/wp-json\/wp\/v2\/posts\/177","targetHints":{"allow":["GET"]}}],"collection":[{"href":"https:\/\/augrund.de\/ebner-frey\/wp-json\/wp\/v2\/posts"}],"about":[{"href":"https:\/\/augrund.de\/ebner-frey\/wp-json\/wp\/v2\/types\/post"}],"author":[{"embeddable":true,"href":"https:\/\/augrund.de\/ebner-frey\/wp-json\/wp\/v2\/users\/1"}],"replies":[{"embeddable":true,"href":"https:\/\/augrund.de\/ebner-frey\/wp-json\/wp\/v2\/comments?post=177"}],"version-history":[{"count":3,"href":"https:\/\/augrund.de\/ebner-frey\/wp-json\/wp\/v2\/posts\/177\/revisions"}],"predecessor-version":[{"id":240,"href":"https:\/\/augrund.de\/ebner-frey\/wp-json\/wp\/v2\/posts\/177\/revisions\/240"}],"wp:featuredmedia":[{"embeddable":true,"href":"https:\/\/augrund.de\/ebner-frey\/wp-json\/wp\/v2\/media\/178"}],"wp:attachment":[{"href":"https:\/\/augrund.de\/ebner-frey\/wp-json\/wp\/v2\/media?parent=177"}],"wp:term":[{"taxonomy":"category","embeddable":true,"href":"https:\/\/augrund.de\/ebner-frey\/wp-json\/wp\/v2\/categories?post=177"},{"taxonomy":"post_tag","embeddable":true,"href":"https:\/\/augrund.de\/ebner-frey\/wp-json\/wp\/v2\/tags?post=177"}],"curies":[{"name":"wp","href":"https:\/\/api.w.org\/{rel}","templated":true}]}}